{"id":1209,"date":"2024-06-18T10:06:58","date_gmt":"2024-06-18T10:06:58","guid":{"rendered":"https:\/\/stagingfactory.pt\/blog\/?p=1209"},"modified":"2024-06-18T10:23:24","modified_gmt":"2024-06-18T10:23:24","slug":"como-valorizar-a-sua-casa-para-a-vender-ou-arrendar","status":"publish","type":"post","link":"https:\/\/stagingfactory.pt\/blog\/como-valorizar-a-sua-casa-para-a-vender-ou-arrendar\/","title":{"rendered":"Como valorizar a sua casa para a vender ou arrendar"},"content":{"rendered":"\t\t<div data-elementor-type=\"wp-post\" data-elementor-id=\"1209\" class=\"elementor elementor-1209\" data-elementor-post-type=\"post\">\n\t\t\t\t<div class=\"elementor-element elementor-element-bbd53e2 animated-slow e-flex e-con-boxed wpr-particle-no wpr-jarallax-no wpr-parallax-no wpr-sticky-section-no elementor-invisible e-con e-parent\" data-id=\"bbd53e2\" data-element_type=\"container\" data-settings=\"{&quot;animation&quot;:&quot;fadeInDown&quot;}\">\n\t\t\t\t\t<div class=\"e-con-inner\">\n\t\t\t\t<div class=\"elementor-element elementor-element-ed9dad3 elementor-widget elementor-widget-menu-anchor\" data-id=\"ed9dad3\" data-element_type=\"widget\" data-widget_type=\"menu-anchor.default\">\n\t\t\t\t<div class=\"elementor-widget-container\">\n\t\t\t\t\t\t\t<div class=\"elementor-menu-anchor\" id=\"uppage\"><\/div>\n\t\t\t\t\t\t<\/div>\n\t\t\t\t<\/div>\n\t\t\t\t<div class=\"elementor-element elementor-element-53fbf0e elementor-widget elementor-widget-image\" data-id=\"53fbf0e\" data-element_type=\"widget\" data-widget_type=\"image.default\">\n\t\t\t\t<div class=\"elementor-widget-container\">\n\t\t\t\t\t\t\t\t\t\t\t\t\t\t\t\t<a href=\"https:\/\/stagingfactory.pt\/blog\/\">\n\t\t\t\t\t\t\t<img fetchpriority=\"high\" decoding=\"async\" width=\"450\" height=\"200\" src=\"https:\/\/stagingfactory.pt\/blog\/wp-content\/uploads\/2024\/02\/sf-logo.png\" class=\"attachment-large size-large wp-image-7\" alt=\"\" srcset=\"https:\/\/stagingfactory.pt\/blog\/wp-content\/uploads\/2024\/02\/sf-logo.png 450w, https:\/\/stagingfactory.pt\/blog\/wp-content\/uploads\/2024\/02\/sf-logo-300x133.png 300w\" sizes=\"(max-width: 450px) 100vw, 450px\" \/>\t\t\t\t\t\t\t\t<\/a>\n\t\t\t\t\t\t\t\t\t\t\t\t\t\t\t<\/div>\n\t\t\t\t<\/div>\n\t\t\t\t\t<\/div>\n\t\t\t\t<\/div>\n\t\t<div class=\"elementor-element elementor-element-fce3708 elementor-hidden-desktop elementor-hidden-tablet e-flex e-con-boxed wpr-particle-no wpr-jarallax-no wpr-parallax-no wpr-sticky-section-no e-con e-parent\" data-id=\"fce3708\" data-element_type=\"container\">\n\t\t\t\t\t<div class=\"e-con-inner\">\n\t\t<div class=\"elementor-element elementor-element-345167e e-con-full e-flex wpr-particle-no wpr-jarallax-no wpr-parallax-no wpr-sticky-section-no e-con e-child\" data-id=\"345167e\" data-element_type=\"container\">\n\t\t\t\t<div class=\"elementor-element elementor-element-72a3107 animated-slow elementor-invisible elementor-widget elementor-widget-image\" data-id=\"72a3107\" data-element_type=\"widget\" data-settings=\"{&quot;_animation&quot;:&quot;fadeIn&quot;}\" data-widget_type=\"image.default\">\n\t\t\t\t<div class=\"elementor-widget-container\">\n\t\t\t\t\t\t\t\t\t\t\t\t\t\t\t\t<a href=\"https:\/\/stagingfactory.pt\/blog\/arquivo-stanging\/\">\n\t\t\t\t\t\t\t<img decoding=\"async\" width=\"104\" height=\"77\" src=\"https:\/\/stagingfactory.pt\/blog\/wp-content\/uploads\/2024\/02\/sf-graphic-back.svg\" class=\"attachment-large size-large wp-image-220\" alt=\"sf-graphic-back\" \/>\t\t\t\t\t\t\t\t<\/a>\n\t\t\t\t\t\t\t\t\t\t\t\t\t\t\t<\/div>\n\t\t\t\t<\/div>\n\t\t\t\t<\/div>\n\t\t<div class=\"elementor-element elementor-element-0197283 e-con-full e-flex wpr-particle-no wpr-jarallax-no wpr-parallax-no wpr-sticky-section-no e-con e-child\" data-id=\"0197283\" data-element_type=\"container\">\n\t\t\t\t<\/div>\n\t\t\t\t\t<\/div>\n\t\t\t\t<\/div>\n\t\t<div class=\"elementor-element elementor-element-0746de6 e-flex e-con-boxed wpr-particle-no wpr-jarallax-no wpr-parallax-no wpr-sticky-section-no e-con e-parent\" data-id=\"0746de6\" data-element_type=\"container\">\n\t\t\t\t\t<div class=\"e-con-inner\">\n\t\t<div class=\"elementor-element elementor-element-8eef000 elementor-hidden-mobile e-flex e-con-boxed wpr-particle-no wpr-jarallax-no wpr-parallax-no wpr-sticky-section-no e-con e-child\" data-id=\"8eef000\" data-element_type=\"container\">\n\t\t\t\t\t<div class=\"e-con-inner\">\n\t\t<div class=\"elementor-element elementor-element-2467c40 e-con-full e-flex wpr-particle-no wpr-jarallax-no wpr-parallax-no wpr-sticky-section-no e-con e-child\" data-id=\"2467c40\" data-element_type=\"container\">\n\t\t\t\t<div class=\"elementor-element elementor-element-8158022 animated-slow elementor-invisible elementor-widget elementor-widget-image\" data-id=\"8158022\" data-element_type=\"widget\" data-settings=\"{&quot;_animation&quot;:&quot;fadeIn&quot;}\" data-widget_type=\"image.default\">\n\t\t\t\t<div class=\"elementor-widget-container\">\n\t\t\t\t\t\t\t\t\t\t\t\t<figure class=\"wp-caption\">\n\t\t\t\t\t\t\t\t\t\t\t<a href=\"https:\/\/stagingfactory.pt\/blog\/arquivo-stanging\/\">\n\t\t\t\t\t\t\t<img decoding=\"async\" width=\"104\" height=\"77\" src=\"https:\/\/stagingfactory.pt\/blog\/wp-content\/uploads\/2024\/02\/sf-graphic-back.svg\" class=\"attachment-full size-full wp-image-220\" alt=\"sf-graphic-back\" \/>\t\t\t\t\t\t\t\t<\/a>\n\t\t\t\t\t\t\t\t\t\t\t<figcaption class=\"widget-image-caption wp-caption-text\"><\/figcaption>\n\t\t\t\t\t\t\t\t\t\t<\/figure>\n\t\t\t\t\t\t\t\t\t<\/div>\n\t\t\t\t<\/div>\n\t\t\t\t<\/div>\n\t\t<div class=\"elementor-element elementor-element-5880543 e-con-full e-flex wpr-particle-no wpr-jarallax-no wpr-parallax-no wpr-sticky-section-no e-con e-child\" data-id=\"5880543\" data-element_type=\"container\">\n\t\t\t\t<\/div>\n\t\t\t\t\t<\/div>\n\t\t\t\t<\/div>\n\t\t\t\t\t<\/div>\n\t\t\t\t<\/div>\n\t\t<div class=\"elementor-element elementor-element-cb15b37 animated-slow e-flex e-con-boxed wpr-particle-no wpr-jarallax-no wpr-parallax-no wpr-sticky-section-no elementor-invisible e-con e-parent\" data-id=\"cb15b37\" data-element_type=\"container\" data-settings=\"{&quot;animation&quot;:&quot;fadeIn&quot;}\">\n\t\t\t\t\t<div class=\"e-con-inner\">\n\t\t\t\t<div class=\"elementor-element elementor-element-dfa8a26 elementor-widget elementor-widget-image\" data-id=\"dfa8a26\" data-element_type=\"widget\" data-widget_type=\"image.default\">\n\t\t\t\t<div class=\"elementor-widget-container\">\n\t\t\t\t\t\t\t\t\t\t\t\t\t\t\t<img loading=\"lazy\" decoding=\"async\" width=\"1250\" height=\"833\" src=\"https:\/\/stagingfactory.pt\/blog\/wp-content\/uploads\/2024\/06\/00004Evora_T0_Staging_Factory.jpg\" class=\"attachment-full size-full wp-image-1210\" alt=\"\" srcset=\"https:\/\/stagingfactory.pt\/blog\/wp-content\/uploads\/2024\/06\/00004Evora_T0_Staging_Factory.jpg 1250w, https:\/\/stagingfactory.pt\/blog\/wp-content\/uploads\/2024\/06\/00004Evora_T0_Staging_Factory-300x200.jpg 300w, https:\/\/stagingfactory.pt\/blog\/wp-content\/uploads\/2024\/06\/00004Evora_T0_Staging_Factory-1024x682.jpg 1024w, https:\/\/stagingfactory.pt\/blog\/wp-content\/uploads\/2024\/06\/00004Evora_T0_Staging_Factory-768x512.jpg 768w\" sizes=\"(max-width: 1250px) 100vw, 1250px\" \/>\t\t\t\t\t\t\t\t\t\t\t\t\t\t\t<\/div>\n\t\t\t\t<\/div>\n\t\t\t\t<div class=\"elementor-element elementor-element-57cf09e elementor-tablet-align-center elementor-mobile-align-center elementor-widget elementor-widget-post-info\" data-id=\"57cf09e\" data-element_type=\"widget\" data-widget_type=\"post-info.default\">\n\t\t\t\t<div class=\"elementor-widget-container\">\n\t\t\t\t\t\t\t<ul class=\"elementor-inline-items elementor-icon-list-items elementor-post-info\">\n\t\t\t\t\t\t\t\t<li class=\"elementor-icon-list-item elementor-repeater-item-33fce4f elementor-inline-item\" itemprop=\"datePublished\">\n\t\t\t\t\t\t<a href=\"https:\/\/stagingfactory.pt\/blog\/2024\/06\/18\/\">\n\t\t\t\t\t\t\t\t\t\t\t<span class=\"elementor-icon-list-icon\">\n\t\t\t\t\t\t\t\t<svg aria-hidden=\"true\" class=\"e-font-icon-svg e-fas-calendar\" viewBox=\"0 0 448 512\" xmlns=\"http:\/\/www.w3.org\/2000\/svg\"><path d=\"M12 192h424c6.6 0 12 5.4 12 12v260c0 26.5-21.5 48-48 48H48c-26.5 0-48-21.5-48-48V204c0-6.6 5.4-12 12-12zm436-44v-36c0-26.5-21.5-48-48-48h-48V12c0-6.6-5.4-12-12-12h-40c-6.6 0-12 5.4-12 12v52H160V12c0-6.6-5.4-12-12-12h-40c-6.6 0-12 5.4-12 12v52H48C21.5 64 0 85.5 0 112v36c0 6.6 5.4 12 12 12h424c6.6 0 12-5.4 12-12z\"><\/path><\/svg>\t\t\t\t\t\t\t<\/span>\n\t\t\t\t\t\t\t\t\t<span class=\"elementor-icon-list-text elementor-post-info__item elementor-post-info__item--type-date\">\n\t\t\t\t\t\t\t\t\t\t<time>Junho 18, 2024<\/time>\t\t\t\t\t<\/span>\n\t\t\t\t\t\t\t\t\t<\/a>\n\t\t\t\t<\/li>\n\t\t\t\t<\/ul>\n\t\t\t\t\t\t<\/div>\n\t\t\t\t<\/div>\n\t\t\t\t\t<\/div>\n\t\t\t\t<\/div>\n\t\t<div class=\"elementor-element elementor-element-d010339 animated-slow e-flex e-con-boxed wpr-particle-no wpr-jarallax-no wpr-parallax-no wpr-sticky-section-no elementor-invisible e-con e-parent\" data-id=\"d010339\" data-element_type=\"container\" data-settings=\"{&quot;animation&quot;:&quot;fadeIn&quot;}\">\n\t\t\t\t\t<div class=\"e-con-inner\">\n\t\t\t\t<div class=\"elementor-element elementor-element-4d220a3 elementor-widget elementor-widget-heading\" data-id=\"4d220a3\" data-element_type=\"widget\" data-widget_type=\"heading.default\">\n\t\t\t\t<div class=\"elementor-widget-container\">\n\t\t\t\t\t<h2 class=\"elementor-heading-title elementor-size-default\">Como valorizar a sua casa para a vender ou arrendar<\/h2>\t\t\t\t<\/div>\n\t\t\t\t<\/div>\n\t\t\t\t\t<\/div>\n\t\t\t\t<\/div>\n\t\t<div class=\"elementor-element elementor-element-4d44e417 animated-slow e-flex e-con-boxed wpr-particle-no wpr-jarallax-no wpr-parallax-no wpr-sticky-section-no elementor-invisible e-con e-parent\" data-id=\"4d44e417\" data-element_type=\"container\" data-settings=\"{&quot;animation&quot;:&quot;fadeIn&quot;}\">\n\t\t\t\t\t<div class=\"e-con-inner\">\n\t\t\t\t<div class=\"elementor-element elementor-element-523447f3 elementor-widget elementor-widget-text-editor\" data-id=\"523447f3\" data-element_type=\"widget\" data-widget_type=\"text-editor.default\">\n\t\t\t\t<div class=\"elementor-widget-container\">\n\t\t\t\t\t\t\t\t\t\n<p>Quando se trata de vender ou arrendar um im\u00f3vel, a primeira impress\u00e3o \u00e9 fundamental. A apresenta\u00e7\u00e3o e o <em>design<\/em> de interiores desempenham um papel crucial na cria\u00e7\u00e3o de um ambiente acolhedor que atraia compradores ou inquilinos de qualidade. Optar por cores neutras e mobili\u00e1rio de linhas simples \u00e9 uma estrat\u00e9gia inteligente para tornar o ambiente mais convidativo para uma grande variedade de p\u00fablicos.<br \/><br \/><strong>Neste artigo, vamos explorar algumas dicas para transformar im\u00f3veis em espa\u00e7os verdadeiramente irresist\u00edveis para futuros residentes.<\/strong><\/p>\n\t\t\t\t\t\t\t\t<\/div>\n\t\t\t\t<\/div>\n\t\t\t\t\t<\/div>\n\t\t\t\t<\/div>\n\t\t<div class=\"elementor-element elementor-element-b2f894c animated-slow e-flex e-con-boxed wpr-particle-no wpr-jarallax-no wpr-parallax-no wpr-sticky-section-no elementor-invisible e-con e-parent\" data-id=\"b2f894c\" data-element_type=\"container\" data-settings=\"{&quot;animation&quot;:&quot;fadeIn&quot;}\">\n\t\t\t\t\t<div class=\"e-con-inner\">\n\t\t\t\t<div class=\"elementor-element elementor-element-7dbb334 elementor-widget elementor-widget-text-editor\" data-id=\"7dbb334\" data-element_type=\"widget\" data-widget_type=\"text-editor.default\">\n\t\t\t\t<div class=\"elementor-widget-container\">\n\t\t\t\t\t\t\t\t\t<div class=\"heading-element\">\n<h4><strong>1. Eleg\u00e2ncia e simplicidade: m\u00f3veis de linhas simples e cores neutras<\/strong><\/h4>\n<\/div>\n<div class=\"text_column\">\n<p>Ao escolher o mobili\u00e1rio para o seu apartamento, opte por pe\u00e7as de design simples e cores neutras. Essa abordagem cria um ambiente elegante e contempor\u00e2neo que agrada a uma ampla gama de gostos. Cores como branco, cinza, bege e tons terrosos n\u00e3o s\u00f3 ampliam visualmente o espa\u00e7o como tamb\u00e9m real\u00e7am a beleza da luz natural.<\/p>\n<\/div>\t\t\t\t\t\t\t\t<\/div>\n\t\t\t\t<\/div>\n\t\t\t\t\t<\/div>\n\t\t\t\t<\/div>\n\t\t<div class=\"elementor-element elementor-element-5a7a586 animated-slow e-flex e-con-boxed wpr-particle-no wpr-jarallax-no wpr-parallax-no wpr-sticky-section-no elementor-invisible e-con e-parent\" data-id=\"5a7a586\" data-element_type=\"container\" data-settings=\"{&quot;animation&quot;:&quot;fadeIn&quot;}\">\n\t\t\t\t\t<div class=\"e-con-inner\">\n\t\t\t\t<div class=\"elementor-element elementor-element-19c7eab elementor-widget elementor-widget-text-editor\" data-id=\"19c7eab\" data-element_type=\"widget\" data-widget_type=\"text-editor.default\">\n\t\t\t\t<div class=\"elementor-widget-container\">\n\t\t\t\t\t\t\t\t\t<div class=\"heading-element\">\n<h4><strong>2. Funcionalidade \u00e9 a chave: pe\u00e7as b\u00e1sicas e funcionais<\/strong><\/h4>\n<\/div>\n<div class=\"text_column\">\n<p>Inclua as pe\u00e7as essenciais que todos precisam, como camas confort\u00e1veis, mesas de cabeceira, mesa de refei\u00e7\u00e3o, cadeiras, m\u00f3veis para a TV e sof\u00e1. Estas pe\u00e7as garantem a base funcional do espa\u00e7o, permitindo aos futuros residentes visualizarem como podem viver e aproveitar o espa\u00e7o. O segredo est\u00e1 em n\u00e3o personalizar ou sobrecarregar demasiado o espa\u00e7o permitindo que cada um o adapte \u00e0 sua maneira.<\/p>\n<\/div>\t\t\t\t\t\t\t\t<\/div>\n\t\t\t\t<\/div>\n\t\t\t\t\t<\/div>\n\t\t\t\t<\/div>\n\t\t<div class=\"elementor-element elementor-element-debd4a3 animated-slow e-flex e-con-boxed wpr-particle-no wpr-jarallax-no wpr-parallax-no wpr-sticky-section-no elementor-invisible e-con e-parent\" data-id=\"debd4a3\" data-element_type=\"container\" data-settings=\"{&quot;animation&quot;:&quot;fadeIn&quot;}\">\n\t\t\t\t\t<div class=\"e-con-inner\">\n\t\t\t\t<div class=\"elementor-element elementor-element-e3e68ad elementor-widget elementor-widget-text-editor\" data-id=\"e3e68ad\" data-element_type=\"widget\" data-widget_type=\"text-editor.default\">\n\t\t\t\t<div class=\"elementor-widget-container\">\n\t\t\t\t\t\t\t\t\t<div class=\"heading-element\">\n<h4><strong>3. Toque de aconchego: acess\u00f3rios para criar um ambiente cativante<\/strong><\/h4>\n<\/div>\n<div class=\"text_column\">\n<p>Os acess\u00f3rios desempenham um papel crucial na cria\u00e7\u00e3o de um ambiente acolhedor e aconchegante. Tapetes macios, almofadas decorativas e mantas n\u00e3o s\u00f3 proporcionam conforto, como tamb\u00e9m adicionam textura e cor ao ambiente, transformando-o em um verdadeiro ref\u00fagio.<\/p>\n<\/div>\t\t\t\t\t\t\t\t<\/div>\n\t\t\t\t<\/div>\n\t\t\t\t\t<\/div>\n\t\t\t\t<\/div>\n\t\t<div class=\"elementor-element elementor-element-4d6adbb animated-slow e-flex e-con-boxed wpr-particle-no wpr-jarallax-no wpr-parallax-no wpr-sticky-section-no elementor-invisible e-con e-parent\" data-id=\"4d6adbb\" data-element_type=\"container\" data-settings=\"{&quot;animation&quot;:&quot;fadeIn&quot;}\">\n\t\t\t\t\t<div class=\"e-con-inner\">\n\t\t\t\t<div class=\"elementor-element elementor-element-4ee2d7b elementor-widget elementor-widget-text-editor\" data-id=\"4ee2d7b\" data-element_type=\"widget\" data-widget_type=\"text-editor.default\">\n\t\t\t\t<div class=\"elementor-widget-container\">\n\t\t\t\t\t\t\t\t\t<div class=\"heading-element\">\n<h4><strong>4. Decora\u00e7\u00e3o sofisticada e subtil<\/strong><\/h4>\n<\/div>\n<div class=\"text_column\">\n<p>Embora alguns toques decorativos sejam bem-vindos, evite sobrecarregar o espa\u00e7o com excesso de decora\u00e7\u00e3o. Opte por quadros simples e algumas pe\u00e7as decorativas que acrescentem personalidade ao ambiente, mas n\u00e3o o dominem.<\/p>\n<\/div>\t\t\t\t\t\t\t\t<\/div>\n\t\t\t\t<\/div>\n\t\t\t\t\t<\/div>\n\t\t\t\t<\/div>\n\t\t<div class=\"elementor-element elementor-element-8f03ac7 animated-slow e-flex e-con-boxed wpr-particle-no wpr-jarallax-no wpr-parallax-no wpr-sticky-section-no elementor-invisible e-con e-parent\" data-id=\"8f03ac7\" data-element_type=\"container\" data-settings=\"{&quot;animation&quot;:&quot;fadeIn&quot;}\">\n\t\t\t\t\t<div class=\"e-con-inner\">\n\t\t\t\t<div class=\"elementor-element elementor-element-4ebe66d elementor-widget elementor-widget-image\" data-id=\"4ebe66d\" data-element_type=\"widget\" data-widget_type=\"image.default\">\n\t\t\t\t<div class=\"elementor-widget-container\">\n\t\t\t\t\t\t\t\t\t\t\t\t\t\t\t<img loading=\"lazy\" decoding=\"async\" width=\"2475\" height=\"1650\" src=\"https:\/\/stagingfactory.pt\/blog\/wp-content\/uploads\/2024\/06\/00012Evora_T0_Staging_Factory.jpg\" class=\"attachment-full size-full wp-image-1213\" alt=\"\" srcset=\"https:\/\/stagingfactory.pt\/blog\/wp-content\/uploads\/2024\/06\/00012Evora_T0_Staging_Factory.jpg 2475w, https:\/\/stagingfactory.pt\/blog\/wp-content\/uploads\/2024\/06\/00012Evora_T0_Staging_Factory-300x200.jpg 300w, https:\/\/stagingfactory.pt\/blog\/wp-content\/uploads\/2024\/06\/00012Evora_T0_Staging_Factory-1024x683.jpg 1024w, https:\/\/stagingfactory.pt\/blog\/wp-content\/uploads\/2024\/06\/00012Evora_T0_Staging_Factory-768x512.jpg 768w, https:\/\/stagingfactory.pt\/blog\/wp-content\/uploads\/2024\/06\/00012Evora_T0_Staging_Factory-1536x1024.jpg 1536w, https:\/\/stagingfactory.pt\/blog\/wp-content\/uploads\/2024\/06\/00012Evora_T0_Staging_Factory-2048x1365.jpg 2048w\" sizes=\"(max-width: 2475px) 100vw, 2475px\" \/>\t\t\t\t\t\t\t\t\t\t\t\t\t\t\t<\/div>\n\t\t\t\t<\/div>\n\t\t\t\t<div class=\"elementor-element elementor-element-0f7abcd elementor-widget elementor-widget-text-editor\" data-id=\"0f7abcd\" data-element_type=\"widget\" data-widget_type=\"text-editor.default\">\n\t\t\t\t<div class=\"elementor-widget-container\">\n\t\t\t\t\t\t\t\t\t<p>Imagem de Staging Factory\/ @stagingfactory @margaridasilvaphoto<\/p>\t\t\t\t\t\t\t\t<\/div>\n\t\t\t\t<\/div>\n\t\t\t\t\t<\/div>\n\t\t\t\t<\/div>\n\t\t<div class=\"elementor-element elementor-element-1522e22 e-flex e-con-boxed wpr-particle-no wpr-jarallax-no wpr-parallax-no wpr-sticky-section-no e-con e-parent\" data-id=\"1522e22\" data-element_type=\"container\">\n\t\t\t\t\t<div class=\"e-con-inner\">\n\t\t<div class=\"elementor-element elementor-element-9730ba0 e-con-full e-flex wpr-particle-no wpr-jarallax-no wpr-parallax-no wpr-sticky-section-no e-con e-child\" data-id=\"9730ba0\" data-element_type=\"container\">\n\t\t\t\t<div class=\"elementor-element elementor-element-8dd9731 elementor-widget elementor-widget-text-editor\" data-id=\"8dd9731\" data-element_type=\"widget\" data-widget_type=\"text-editor.default\">\n\t\t\t\t<div class=\"elementor-widget-container\">\n\t\t\t\t\t\t\t\t\t<div class=\"heading-element\">\n<div class=\"heading-element\">\n<h4><strong>5. Organiza\u00e7\u00e3o inteligente: elementos de organiza\u00e7\u00e3o e arruma\u00e7\u00e3o<br \/><\/strong><\/h4>\n<\/div>\n<div class=\"empty-space mt-adapt-2\">\u00a0<\/div>\n<div class=\"text_column\">\n<p>A organiza\u00e7\u00e3o \u00e9 fundamental em qualquer espa\u00e7o. Integre solu\u00e7\u00f5es de armazenamento inteligentes, como estantes, prateleiras e arm\u00e1rios embutidos, para manter o apartamento arrumado e funcional.<\/p>\n<\/div>\n<\/div>\t\t\t\t\t\t\t\t<\/div>\n\t\t\t\t<\/div>\n\t\t\t\t<\/div>\n\t\t<div class=\"elementor-element elementor-element-5c2f7bd e-con-full e-flex wpr-particle-no wpr-jarallax-no wpr-parallax-no wpr-sticky-section-no e-con e-child\" data-id=\"5c2f7bd\" data-element_type=\"container\">\n\t\t\t\t<div class=\"elementor-element elementor-element-bbb8d48 animated-slow elementor-invisible elementor-widget elementor-widget-image\" data-id=\"bbb8d48\" data-element_type=\"widget\" data-settings=\"{&quot;motion_fx_motion_fx_scrolling&quot;:&quot;yes&quot;,&quot;motion_fx_rotateZ_effect&quot;:&quot;yes&quot;,&quot;_animation&quot;:&quot;fadeIn&quot;,&quot;_animation_delay&quot;:200,&quot;motion_fx_rotateZ_speed&quot;:{&quot;unit&quot;:&quot;px&quot;,&quot;size&quot;:1,&quot;sizes&quot;:[]},&quot;motion_fx_rotateZ_affectedRange&quot;:{&quot;unit&quot;:&quot;%&quot;,&quot;size&quot;:&quot;&quot;,&quot;sizes&quot;:{&quot;start&quot;:0,&quot;end&quot;:100}},&quot;motion_fx_devices&quot;:[&quot;desktop&quot;,&quot;tablet&quot;,&quot;mobile&quot;]}\" data-widget_type=\"image.default\">\n\t\t\t\t<div class=\"elementor-widget-container\">\n\t\t\t\t\t\t\t\t\t\t\t\t\t\t\t<img loading=\"lazy\" decoding=\"async\" width=\"220\" height=\"182\" src=\"https:\/\/stagingfactory.pt\/blog\/wp-content\/uploads\/2024\/02\/sf-graphic01.svg\" class=\"attachment-large size-large wp-image-161\" alt=\"\" \/>\t\t\t\t\t\t\t\t\t\t\t\t\t\t\t<\/div>\n\t\t\t\t<\/div>\n\t\t\t\t<\/div>\n\t\t\t\t\t<\/div>\n\t\t\t\t<\/div>\n\t\t<div class=\"elementor-element elementor-element-2cde797 animated-slow e-flex e-con-boxed wpr-particle-no wpr-jarallax-no wpr-parallax-no wpr-sticky-section-no elementor-invisible e-con e-parent\" data-id=\"2cde797\" data-element_type=\"container\" data-settings=\"{&quot;animation&quot;:&quot;fadeIn&quot;}\">\n\t\t\t\t\t<div class=\"e-con-inner\">\n\t\t\t\t<div class=\"elementor-element elementor-element-6f11efa elementor-widget elementor-widget-image\" data-id=\"6f11efa\" data-element_type=\"widget\" data-widget_type=\"image.default\">\n\t\t\t\t<div class=\"elementor-widget-container\">\n\t\t\t\t\t\t\t\t\t\t\t\t\t\t\t<img loading=\"lazy\" decoding=\"async\" width=\"1250\" height=\"833\" src=\"https:\/\/stagingfactory.pt\/blog\/wp-content\/uploads\/2024\/06\/00005Evora_T0_Staging_Factory.jpg\" class=\"attachment-full size-full wp-image-1214\" alt=\"\" srcset=\"https:\/\/stagingfactory.pt\/blog\/wp-content\/uploads\/2024\/06\/00005Evora_T0_Staging_Factory.jpg 1250w, https:\/\/stagingfactory.pt\/blog\/wp-content\/uploads\/2024\/06\/00005Evora_T0_Staging_Factory-300x200.jpg 300w, https:\/\/stagingfactory.pt\/blog\/wp-content\/uploads\/2024\/06\/00005Evora_T0_Staging_Factory-1024x682.jpg 1024w, https:\/\/stagingfactory.pt\/blog\/wp-content\/uploads\/2024\/06\/00005Evora_T0_Staging_Factory-768x512.jpg 768w\" sizes=\"(max-width: 1250px) 100vw, 1250px\" \/>\t\t\t\t\t\t\t\t\t\t\t\t\t\t\t<\/div>\n\t\t\t\t<\/div>\n\t\t\t\t<div class=\"elementor-element elementor-element-a66b546 elementor-widget elementor-widget-text-editor\" data-id=\"a66b546\" data-element_type=\"widget\" data-widget_type=\"text-editor.default\">\n\t\t\t\t<div class=\"elementor-widget-container\">\n\t\t\t\t\t\t\t\t\t<p>Prata Riverside Village \u2013 Home Staging by Staging Factory<\/p>\t\t\t\t\t\t\t\t<\/div>\n\t\t\t\t<\/div>\n\t\t\t\t\t<\/div>\n\t\t\t\t<\/div>\n\t\t<div class=\"elementor-element elementor-element-77ef8ed animated-slow e-flex e-con-boxed wpr-particle-no wpr-jarallax-no wpr-parallax-no wpr-sticky-section-no elementor-invisible e-con e-parent\" data-id=\"77ef8ed\" data-element_type=\"container\" data-settings=\"{&quot;animation&quot;:&quot;fadeIn&quot;}\">\n\t\t\t\t\t<div class=\"e-con-inner\">\n\t\t<div class=\"elementor-element elementor-element-70f8b43 e-flex e-con-boxed wpr-particle-no wpr-jarallax-no wpr-parallax-no wpr-sticky-section-no e-con e-child\" data-id=\"70f8b43\" data-element_type=\"container\">\n\t\t\t\t\t<div class=\"e-con-inner\">\n\t\t<div class=\"elementor-element elementor-element-a2a62fa e-con-full e-flex wpr-particle-no wpr-jarallax-no wpr-parallax-no wpr-sticky-section-no e-con e-child\" data-id=\"a2a62fa\" data-element_type=\"container\">\n\t\t\t\t<div class=\"elementor-element elementor-element-c1a3b33 animated-slow elementor-invisible elementor-widget elementor-widget-image\" data-id=\"c1a3b33\" data-element_type=\"widget\" data-settings=\"{&quot;motion_fx_motion_fx_scrolling&quot;:&quot;yes&quot;,&quot;motion_fx_translateY_effect&quot;:&quot;yes&quot;,&quot;_animation&quot;:&quot;fadeInUp&quot;,&quot;motion_fx_translateY_speed&quot;:{&quot;unit&quot;:&quot;px&quot;,&quot;size&quot;:4,&quot;sizes&quot;:[]},&quot;motion_fx_translateY_affectedRange&quot;:{&quot;unit&quot;:&quot;%&quot;,&quot;size&quot;:&quot;&quot;,&quot;sizes&quot;:{&quot;start&quot;:0,&quot;end&quot;:100}},&quot;motion_fx_devices&quot;:[&quot;desktop&quot;,&quot;tablet&quot;,&quot;mobile&quot;]}\" data-widget_type=\"image.default\">\n\t\t\t\t<div class=\"elementor-widget-container\">\n\t\t\t\t\t\t\t\t\t\t\t\t\t\t\t<img loading=\"lazy\" decoding=\"async\" width=\"102\" height=\"126\" src=\"https:\/\/stagingfactory.pt\/blog\/wp-content\/uploads\/2024\/02\/sf-graphic02.svg\" class=\"attachment-large size-large wp-image-162\" alt=\"\" \/>\t\t\t\t\t\t\t\t\t\t\t\t\t\t\t<\/div>\n\t\t\t\t<\/div>\n\t\t\t\t<\/div>\n\t\t<div class=\"elementor-element elementor-element-421a590 e-con-full e-flex wpr-particle-no wpr-jarallax-no wpr-parallax-no wpr-sticky-section-no e-con e-child\" data-id=\"421a590\" data-element_type=\"container\">\n\t\t\t\t<div class=\"elementor-element elementor-element-98d1238 elementor-widget elementor-widget-text-editor\" data-id=\"98d1238\" data-element_type=\"widget\" data-widget_type=\"text-editor.default\">\n\t\t\t\t<div class=\"elementor-widget-container\">\n\t\t\t\t\t\t\t\t\t<div class=\"heading-element\">\n<div class=\"heading-element\">\n<div class=\"heading-element\">\n<h4><strong>6. Privacidade e conforto<\/strong><\/h4>\n<\/div>\n<div class=\"empty-space mt-adapt-2\">\u00a0<\/div>\n<div class=\"text_column\">\n<p>Para garantir a privacidade e o conforto dos futuros moradores, instale cortinados ou estores nas janelas. Al\u00e9m disso, considere a inclus\u00e3o de biombos para criar espa\u00e7os distintos em apartamentos <em>open-space<\/em><\/p>\n<\/div>\n<\/div>\n<\/div>\t\t\t\t\t\t\t\t<\/div>\n\t\t\t\t<\/div>\n\t\t\t\t<\/div>\n\t\t\t\t\t<\/div>\n\t\t\t\t<\/div>\n\t\t\t\t\t<\/div>\n\t\t\t\t<\/div>\n\t\t<div class=\"elementor-element elementor-element-bd0aa3b animated-slow e-flex e-con-boxed wpr-particle-no wpr-jarallax-no wpr-parallax-no wpr-sticky-section-no elementor-invisible e-con e-parent\" data-id=\"bd0aa3b\" data-element_type=\"container\" data-settings=\"{&quot;animation&quot;:&quot;fadeIn&quot;}\">\n\t\t\t\t\t<div class=\"e-con-inner\">\n\t\t\t\t<div class=\"elementor-element elementor-element-b5315a2 elementor-widget elementor-widget-text-editor\" data-id=\"b5315a2\" data-element_type=\"widget\" data-widget_type=\"text-editor.default\">\n\t\t\t\t<div class=\"elementor-widget-container\">\n\t\t\t\t\t\t\t\t\t<h4><strong>7. Destaque os espa\u00e7os exteriores<\/strong><\/h4>\n<div class=\"empty-space mt-adapt-2\">\u00a0<\/div>\n<div class=\"text_column\">\n<p>Se o apartamento tiver um espa\u00e7o exterior, como uma varanda ou um terra\u00e7o, n\u00e3o o negligencie. Mobil\u00e1-los e decor\u00e1-los com cuidado, com cadeiras, mesas ou vasos de plantas, pode real\u00e7ar essa divis\u00e3o, tornando-a um ponto de destaque para compradores ou inquilinos que valorizam o ar livre. Tenha em aten\u00e7\u00e3o que apenas deve utilizar plantas caso as possa manter em bom estado.<\/p>\n<\/div>\t\t\t\t\t\t\t\t<\/div>\n\t\t\t\t<\/div>\n\t\t\t\t\t<\/div>\n\t\t\t\t<\/div>\n\t\t<div class=\"elementor-element elementor-element-d1d761f animated-slow e-flex e-con-boxed wpr-particle-no wpr-jarallax-no wpr-parallax-no wpr-sticky-section-no elementor-invisible e-con e-parent\" data-id=\"d1d761f\" data-element_type=\"container\" data-settings=\"{&quot;animation&quot;:&quot;fadeIn&quot;}\">\n\t\t\t\t\t<div class=\"e-con-inner\">\n\t\t\t\t<div class=\"elementor-element elementor-element-9d0234f elementor-widget elementor-widget-text-editor\" data-id=\"9d0234f\" data-element_type=\"widget\" data-widget_type=\"text-editor.default\">\n\t\t\t\t<div class=\"elementor-widget-container\">\n\t\t\t\t\t\t\t\t\t<div class=\"heading-element\">\n<h4><strong>8. Cozinhas e casas de banho bem equipadas<\/strong><\/h4>\n<\/div>\n<div class=\"text_column\">\n<p>N\u00e3o se esque\u00e7a de equipar as cozinhas e casas de banho com os elementos essenciais, como eletrodom\u00e9sticos de qualidade e lou\u00e7as sanit\u00e1rias modernas. Esses espa\u00e7os funcionais s\u00e3o frequentemente decisivos para potenciais compradores e inquilinos.<\/p>\n<\/div>\t\t\t\t\t\t\t\t<\/div>\n\t\t\t\t<\/div>\n\t\t\t\t\t<\/div>\n\t\t\t\t<\/div>\n\t\t<div class=\"elementor-element elementor-element-d4b44dd animated-slow e-flex e-con-boxed wpr-particle-no wpr-jarallax-no wpr-parallax-no wpr-sticky-section-no elementor-invisible e-con e-parent\" data-id=\"d4b44dd\" data-element_type=\"container\" data-settings=\"{&quot;animation&quot;:&quot;fadeIn&quot;}\">\n\t\t\t\t\t<div class=\"e-con-inner\">\n\t\t\t\t<div class=\"elementor-element elementor-element-61eb095 elementor-widget elementor-widget-text-editor\" data-id=\"61eb095\" data-element_type=\"widget\" data-widget_type=\"text-editor.default\">\n\t\t\t\t<div class=\"elementor-widget-container\">\n\t\t\t\t\t\t\t\t\t<div class=\"heading-element\">\n<h4><strong>9. Ilumina\u00e7\u00e3o aconchegante e indireta<\/strong><\/h4>\n<\/div>\n<div class=\"text_column\">\n<p>A ilumina\u00e7\u00e3o desempenha um papel crucial na cria\u00e7\u00e3o de um ambiente acolhedor em apartamentos para venda e arrendamento. Considere a utiliza\u00e7\u00e3o de ilumina\u00e7\u00e3o indireta em vez de a luz de teto. Candeeiros de mesa, apliques nas paredes e fitas LED s\u00e3o excelentes op\u00e7\u00f5es para adicionar camadas de luz suave e criar uma atmosfera aconchegante.<br \/><br \/>Evite a luz branca e opte por tons de ilumina\u00e7\u00e3o amarela e quente. A luz amarela cria um ambiente acolhedor e convidativo, tornando o espa\u00e7o mais agrad\u00e1vel para relaxar e desfrutar.<\/p>\n<\/div>\t\t\t\t\t\t\t\t<\/div>\n\t\t\t\t<\/div>\n\t\t\t\t\t<\/div>\n\t\t\t\t<\/div>\n\t\t<div class=\"elementor-element elementor-element-7e413de e-flex e-con-boxed wpr-particle-no wpr-jarallax-no wpr-parallax-no wpr-sticky-section-no e-con e-parent\" data-id=\"7e413de\" data-element_type=\"container\">\n\t\t\t\t\t<div class=\"e-con-inner\">\n\t\t<div class=\"elementor-element elementor-element-6769fd1 e-flex e-con-boxed wpr-particle-no wpr-jarallax-no wpr-parallax-no wpr-sticky-section-no e-con e-child\" data-id=\"6769fd1\" data-element_type=\"container\">\n\t\t\t\t\t<div class=\"e-con-inner\">\n\t\t<div class=\"elementor-element elementor-element-14ee533 e-con-full e-flex wpr-particle-no wpr-jarallax-no wpr-parallax-no wpr-sticky-section-no e-con e-child\" data-id=\"14ee533\" data-element_type=\"container\">\n\t\t\t\t<div class=\"elementor-element elementor-element-42f4e78 elementor-widget elementor-widget-text-editor\" data-id=\"42f4e78\" data-element_type=\"widget\" data-widget_type=\"text-editor.default\">\n\t\t\t\t<div class=\"elementor-widget-container\">\n\t\t\t\t\t\t\t\t\t<div class=\"heading-element\">\n<div class=\"heading-element\">\n<div class=\"heading-element\">\n<h4><strong>Conclus\u00e3o<\/strong><\/h4>\n<\/div>\n<div class=\"text_column\">\n<p>Mobilar e decorar apartamentos para venda e arrendamento exige um equil\u00edbrio delicado entre est\u00e9tica e funcionalidade. Optar por m\u00f3veis de linhas simples e cores neutras, incluir pe\u00e7as b\u00e1sicas e acess\u00f3rios aconchegantes, bem como elementos de organiza\u00e7\u00e3o e privacidade, ajudar\u00e1 a criar um espa\u00e7o vers\u00e1til e convidativo.<br \/><br \/>Lembre-se de destacar os espa\u00e7os exteriores, quando dispon\u00edveis, e garantir que cozinhas e casas de banho est\u00e3o bem equipadas. Com estas dicas, est\u00e1 no caminho certo para valorizar mais o seu espa\u00e7o e conseguir melhores compradores e inquilinos para seu apartamento.<\/p>\n<\/div>\n<\/div>\n<\/div>\t\t\t\t\t\t\t\t<\/div>\n\t\t\t\t<\/div>\n\t\t\t\t<\/div>\n\t\t<div class=\"elementor-element elementor-element-4a6f4bd e-con-full e-flex wpr-particle-no wpr-jarallax-no wpr-parallax-no wpr-sticky-section-no e-con e-child\" data-id=\"4a6f4bd\" data-element_type=\"container\">\n\t\t\t\t<div class=\"elementor-element elementor-element-5325cf2 animated-slow elementor-invisible elementor-widget elementor-widget-image\" data-id=\"5325cf2\" data-element_type=\"widget\" data-settings=\"{&quot;motion_fx_motion_fx_scrolling&quot;:&quot;yes&quot;,&quot;motion_fx_rotateZ_effect&quot;:&quot;yes&quot;,&quot;_animation&quot;:&quot;fadeInRight&quot;,&quot;motion_fx_rotateZ_speed&quot;:{&quot;unit&quot;:&quot;px&quot;,&quot;size&quot;:1,&quot;sizes&quot;:[]},&quot;motion_fx_rotateZ_affectedRange&quot;:{&quot;unit&quot;:&quot;%&quot;,&quot;size&quot;:&quot;&quot;,&quot;sizes&quot;:{&quot;start&quot;:0,&quot;end&quot;:100}},&quot;motion_fx_devices&quot;:[&quot;desktop&quot;,&quot;tablet&quot;,&quot;mobile&quot;]}\" data-widget_type=\"image.default\">\n\t\t\t\t<div class=\"elementor-widget-container\">\n\t\t\t\t\t\t\t\t\t\t\t\t\t\t\t<img loading=\"lazy\" decoding=\"async\" width=\"181\" height=\"103\" src=\"https:\/\/stagingfactory.pt\/blog\/wp-content\/uploads\/2024\/02\/sf-graphic03.svg\" class=\"attachment-large size-large wp-image-163\" alt=\"\" \/>\t\t\t\t\t\t\t\t\t\t\t\t\t\t\t<\/div>\n\t\t\t\t<\/div>\n\t\t\t\t<\/div>\n\t\t\t\t\t<\/div>\n\t\t\t\t<\/div>\n\t\t\t\t\t<\/div>\n\t\t\t\t<\/div>\n\t\t<div class=\"elementor-element elementor-element-b4270ed animated-slow e-flex e-con-boxed wpr-particle-no wpr-jarallax-no wpr-parallax-no wpr-sticky-section-no elementor-invisible e-con e-parent\" data-id=\"b4270ed\" data-element_type=\"container\" data-settings=\"{&quot;animation&quot;:&quot;fadeInUp&quot;}\">\n\t\t\t\t\t<div class=\"e-con-inner\">\n\t\t<div class=\"elementor-element elementor-element-6516d92 e-con-full e-flex wpr-particle-no wpr-jarallax-no wpr-parallax-no wpr-sticky-section-no e-con e-child\" data-id=\"6516d92\" data-element_type=\"container\">\n\t\t\t\t<div class=\"elementor-element elementor-element-0dea027 elementor-widget elementor-widget-image\" data-id=\"0dea027\" data-element_type=\"widget\" data-widget_type=\"image.default\">\n\t\t\t\t<div class=\"elementor-widget-container\">\n\t\t\t\t\t\t\t\t\t\t\t\t\t\t\t<img loading=\"lazy\" decoding=\"async\" width=\"800\" height=\"600\" src=\"https:\/\/stagingfactory.pt\/blog\/wp-content\/uploads\/2024\/06\/IMG_2823-1024x768.jpg\" class=\"attachment-large size-large wp-image-1215\" alt=\"\" srcset=\"https:\/\/stagingfactory.pt\/blog\/wp-content\/uploads\/2024\/06\/IMG_2823-1024x768.jpg 1024w, https:\/\/stagingfactory.pt\/blog\/wp-content\/uploads\/2024\/06\/IMG_2823-300x225.jpg 300w, https:\/\/stagingfactory.pt\/blog\/wp-content\/uploads\/2024\/06\/IMG_2823-768x576.jpg 768w, https:\/\/stagingfactory.pt\/blog\/wp-content\/uploads\/2024\/06\/IMG_2823.jpg 1250w\" sizes=\"(max-width: 800px) 100vw, 800px\" \/>\t\t\t\t\t\t\t\t\t\t\t\t\t\t\t<\/div>\n\t\t\t\t<\/div>\n\t\t\t\t<div class=\"elementor-element elementor-element-558353d elementor-widget elementor-widget-text-editor\" data-id=\"558353d\" data-element_type=\"widget\" data-widget_type=\"text-editor.default\">\n\t\t\t\t<div class=\"elementor-widget-container\">\n\t\t\t\t\t\t\t\t\t<p>Imagem de Staging Factory \/ @stagingfactory @margaridasilvaphoto<\/p>\t\t\t\t\t\t\t\t<\/div>\n\t\t\t\t<\/div>\n\t\t\t\t<\/div>\n\t\t<div class=\"elementor-element elementor-element-3c75741 e-con-full e-flex wpr-particle-no wpr-jarallax-no wpr-parallax-no wpr-sticky-section-no e-con e-child\" data-id=\"3c75741\" data-element_type=\"container\">\n\t\t\t\t<div class=\"elementor-element elementor-element-65a6965 elementor-widget elementor-widget-text-editor\" data-id=\"65a6965\" data-element_type=\"widget\" data-widget_type=\"text-editor.default\">\n\t\t\t\t<div class=\"elementor-widget-container\">\n\t\t\t\t\t\t\t\t\t<h4><strong>Caso Pr\u00e1tico: remodela\u00e7\u00e3o de apartamentos em \u00c9vora<\/strong><\/h4>\n<div class=\"text_column mt-adapt-4\">\n<p>Para dar uma ideia concreta do impacto e do valor do <em>home staging<\/em>, apresentamos uma remodela\u00e7\u00e3o de dois apartamentos em \u00c9vora, com o objetivo de os valorizar para arrendamento e\/ou venda.<br \/><br \/>No caso espec\u00edfico destes apartamentos verificou-se que havia necessidade de criar espa\u00e7o extra de arruma\u00e7\u00e3o e melhorar a est\u00e9tica geral dos espa\u00e7os.<\/p>\n<\/div>\t\t\t\t\t\t\t\t<\/div>\n\t\t\t\t<\/div>\n\t\t\t\t<\/div>\n\t\t\t\t\t<\/div>\n\t\t\t\t<\/div>\n\t\t<div class=\"elementor-element elementor-element-93d4839 animated-slow e-flex e-con-boxed wpr-particle-no wpr-jarallax-no wpr-parallax-no wpr-sticky-section-no elementor-invisible e-con e-parent\" data-id=\"93d4839\" data-element_type=\"container\" data-settings=\"{&quot;animation&quot;:&quot;fadeInUp&quot;}\">\n\t\t\t\t\t<div class=\"e-con-inner\">\n\t\t<div class=\"elementor-element elementor-element-b4a6671 e-con-full e-flex wpr-particle-no wpr-jarallax-no wpr-parallax-no wpr-sticky-section-no e-con e-child\" data-id=\"b4a6671\" data-element_type=\"container\">\n\t\t\t\t<div class=\"elementor-element elementor-element-c68bdb0 elementor-widget elementor-widget-text-editor\" data-id=\"c68bdb0\" data-element_type=\"widget\" data-widget_type=\"text-editor.default\">\n\t\t\t\t<div class=\"elementor-widget-container\">\n\t\t\t\t\t\t\t\t\t<h4><strong>Caso Pr\u00e1tico: remodela\u00e7\u00e3o de apartamentos em \u00c9vora<\/strong><\/h4>\n<div class=\"text_column mt-adapt-4\">\n<p><strong>\u00c1reas principais a intervir:<\/strong><br \/><br \/>O espa\u00e7o era muito frio e faltavam roupeiros. Por outro lado, havia espa\u00e7os esconsos, sem utilidade e que esteticamente geravam uma primeira impress\u00e3o negativa. Noutro caso, era necess\u00e1rio ainda esconder o termoacumulador que se encontrava no quarto.<\/p>\n<\/div>\t\t\t\t\t\t\t\t<\/div>\n\t\t\t\t<\/div>\n\t\t\t\t<\/div>\n\t\t<div class=\"elementor-element elementor-element-54b787d e-con-full e-flex wpr-particle-no wpr-jarallax-no wpr-parallax-no wpr-sticky-section-no e-con e-child\" data-id=\"54b787d\" data-element_type=\"container\">\n\t\t\t\t<div class=\"elementor-element elementor-element-2d8b434 elementor-widget elementor-widget-image\" data-id=\"2d8b434\" data-element_type=\"widget\" data-widget_type=\"image.default\">\n\t\t\t\t<div class=\"elementor-widget-container\">\n\t\t\t\t\t\t\t\t\t\t\t\t\t\t\t<img loading=\"lazy\" decoding=\"async\" width=\"800\" height=\"600\" src=\"https:\/\/stagingfactory.pt\/blog\/wp-content\/uploads\/2024\/06\/IMG_2821-1024x768.jpg\" class=\"attachment-large size-large wp-image-1216\" alt=\"\" srcset=\"https:\/\/stagingfactory.pt\/blog\/wp-content\/uploads\/2024\/06\/IMG_2821-1024x768.jpg 1024w, https:\/\/stagingfactory.pt\/blog\/wp-content\/uploads\/2024\/06\/IMG_2821-300x225.jpg 300w, https:\/\/stagingfactory.pt\/blog\/wp-content\/uploads\/2024\/06\/IMG_2821-768x576.jpg 768w, https:\/\/stagingfactory.pt\/blog\/wp-content\/uploads\/2024\/06\/IMG_2821.jpg 1250w\" sizes=\"(max-width: 800px) 100vw, 800px\" \/>\t\t\t\t\t\t\t\t\t\t\t\t\t\t\t<\/div>\n\t\t\t\t<\/div>\n\t\t\t\t<div class=\"elementor-element elementor-element-bb57b3a elementor-widget elementor-widget-text-editor\" data-id=\"bb57b3a\" data-element_type=\"widget\" data-widget_type=\"text-editor.default\">\n\t\t\t\t<div class=\"elementor-widget-container\">\n\t\t\t\t\t\t\t\t\t<p>Imagem de Staging Factory \/ @stagingfactory @margaridasilvaphoto<\/p>\t\t\t\t\t\t\t\t<\/div>\n\t\t\t\t<\/div>\n\t\t\t\t<\/div>\n\t\t\t\t\t<\/div>\n\t\t\t\t<\/div>\n\t\t<div class=\"elementor-element elementor-element-d900ce4 animated-slow e-flex e-con-boxed wpr-particle-no wpr-jarallax-no wpr-parallax-no wpr-sticky-section-no elementor-invisible e-con e-parent\" data-id=\"d900ce4\" data-element_type=\"container\" data-settings=\"{&quot;animation&quot;:&quot;fadeInUp&quot;}\">\n\t\t\t\t\t<div class=\"e-con-inner\">\n\t\t<div class=\"elementor-element elementor-element-951c99a e-con-full e-flex wpr-particle-no wpr-jarallax-no wpr-parallax-no wpr-sticky-section-no e-con e-child\" data-id=\"951c99a\" data-element_type=\"container\">\n\t\t\t\t<div class=\"elementor-element elementor-element-7213734 elementor-widget elementor-widget-image\" data-id=\"7213734\" data-element_type=\"widget\" data-widget_type=\"image.default\">\n\t\t\t\t<div class=\"elementor-widget-container\">\n\t\t\t\t\t\t\t\t\t\t\t\t\t\t\t<img loading=\"lazy\" decoding=\"async\" width=\"800\" height=\"534\" src=\"https:\/\/stagingfactory.pt\/blog\/wp-content\/uploads\/2024\/06\/00009Evora_T0_Staging_Factory-1024x683.jpg\" class=\"attachment-large size-large wp-image-1217\" alt=\"\" srcset=\"https:\/\/stagingfactory.pt\/blog\/wp-content\/uploads\/2024\/06\/00009Evora_T0_Staging_Factory-1024x683.jpg 1024w, https:\/\/stagingfactory.pt\/blog\/wp-content\/uploads\/2024\/06\/00009Evora_T0_Staging_Factory-300x200.jpg 300w, https:\/\/stagingfactory.pt\/blog\/wp-content\/uploads\/2024\/06\/00009Evora_T0_Staging_Factory-768x512.jpg 768w, https:\/\/stagingfactory.pt\/blog\/wp-content\/uploads\/2024\/06\/00009Evora_T0_Staging_Factory-1536x1024.jpg 1536w, https:\/\/stagingfactory.pt\/blog\/wp-content\/uploads\/2024\/06\/00009Evora_T0_Staging_Factory-2048x1365.jpg 2048w\" sizes=\"(max-width: 800px) 100vw, 800px\" \/>\t\t\t\t\t\t\t\t\t\t\t\t\t\t\t<\/div>\n\t\t\t\t<\/div>\n\t\t\t\t<div class=\"elementor-element elementor-element-ff66e54 elementor-widget elementor-widget-text-editor\" data-id=\"ff66e54\" data-element_type=\"widget\" data-widget_type=\"text-editor.default\">\n\t\t\t\t<div class=\"elementor-widget-container\">\n\t\t\t\t\t\t\t\t\t<p>Imagem de Staging Factory \/ @stagingfactory @margaridasilvaphoto<\/p>\t\t\t\t\t\t\t\t<\/div>\n\t\t\t\t<\/div>\n\t\t\t\t<\/div>\n\t\t<div class=\"elementor-element elementor-element-dd0f4b2 e-con-full e-flex wpr-particle-no wpr-jarallax-no wpr-parallax-no wpr-sticky-section-no e-con e-child\" data-id=\"dd0f4b2\" data-element_type=\"container\">\n\t\t\t\t<div class=\"elementor-element elementor-element-6892428 elementor-widget elementor-widget-text-editor\" data-id=\"6892428\" data-element_type=\"widget\" data-widget_type=\"text-editor.default\">\n\t\t\t\t<div class=\"elementor-widget-container\">\n\t\t\t\t\t\t\t\t\t<div class=\"heading-element\">\n<div class=\"heading-element\">\n<div class=\"heading-element\">\n<div class=\"heading-element\">\n<div class=\"heading-element\">\n<div class=\"heading-element\">\n<div class=\"heading-element\">\n<div class=\"heading-element\">\n<h4><strong>Caso Pr\u00e1tico: remodela\u00e7\u00e3o de apartamentos em \u00c9vora<\/strong><\/h4>\n<div class=\"text_column mt-adapt-4\">\n<p>Foram feitos roupeiros espec\u00edficos para aproveitar o espa\u00e7o esconso e esconder o termoacumulador que se encontrava vis\u00edvel no quarto.<br \/><br \/>A escolha da cor e dos pain\u00e9is em madeira teve ainda como objetivo combater a sensa\u00e7\u00e3o de frieza que o ambiente branco e cinza com materiais cer\u00e2micos transmitia. A sele\u00e7\u00e3o cuidadosa dos materiais e das cores contribuiu claramente para criar uma atmosfera mais confort\u00e1vel e atraente.<\/p>\n<\/div>\n<\/div>\n<\/div>\n<\/div>\n<\/div>\n<\/div>\n<\/div>\n<\/div>\n<\/div>\t\t\t\t\t\t\t\t<\/div>\n\t\t\t\t<\/div>\n\t\t\t\t<\/div>\n\t\t\t\t\t<\/div>\n\t\t\t\t<\/div>\n\t\t<div class=\"elementor-element elementor-element-32b0763 animated-slow e-flex e-con-boxed wpr-particle-no wpr-jarallax-no wpr-parallax-no wpr-sticky-section-no elementor-invisible e-con e-parent\" data-id=\"32b0763\" data-element_type=\"container\" data-settings=\"{&quot;animation&quot;:&quot;fadeInUp&quot;}\">\n\t\t\t\t\t<div class=\"e-con-inner\">\n\t\t<div class=\"elementor-element elementor-element-1fac4be e-con-full e-flex wpr-particle-no wpr-jarallax-no wpr-parallax-no wpr-sticky-section-no e-con e-child\" data-id=\"1fac4be\" data-element_type=\"container\">\n\t\t\t\t<div class=\"elementor-element elementor-element-19cefc6 elementor-widget elementor-widget-text-editor\" data-id=\"19cefc6\" data-element_type=\"widget\" data-widget_type=\"text-editor.default\">\n\t\t\t\t<div class=\"elementor-widget-container\">\n\t\t\t\t\t\t\t\t\t<h4><strong>Caso Pr\u00e1tico: remodela\u00e7\u00e3o de apartamentos em \u00c9vora<\/strong><\/h4>\n<div class=\"text_column mt-adapt-4\">\n<p>Verificou-se alguma falta de funcionalidade nas cozinhas que se apresentavam sem eletrodom\u00e9sticos e com algumas incongru\u00eancias a n\u00edvel de desenho t\u00e9cnico. As cozinhas foram assim totalmente redesenhadas para integrarem os fornos, placas, micro-ondas, gavetas e mais espa\u00e7o de arruma\u00e7\u00e3o. A altera\u00e7\u00e3o do tampo das cozinhas teve ainda uma dupla fun\u00e7\u00e3o: por um lado tinha que ser substitu\u00eddo para se conseguir adequar \u00e0s altera\u00e7\u00f5es efetuadas aos arm\u00e1rios. Por outro lado, e mais uma vez, o branco foi substitu\u00eddo por um tampo de madeira para criar mais conforto visual a todo o espa\u00e7o.<\/p>\n<\/div>\t\t\t\t\t\t\t\t<\/div>\n\t\t\t\t<\/div>\n\t\t\t\t<\/div>\n\t\t<div class=\"elementor-element elementor-element-c49ca38 e-con-full e-flex wpr-particle-no wpr-jarallax-no wpr-parallax-no wpr-sticky-section-no e-con e-child\" data-id=\"c49ca38\" data-element_type=\"container\">\n\t\t\t\t<div class=\"elementor-element elementor-element-d3ca381 elementor-widget elementor-widget-image\" data-id=\"d3ca381\" data-element_type=\"widget\" data-widget_type=\"image.default\">\n\t\t\t\t<div class=\"elementor-widget-container\">\n\t\t\t\t\t\t\t\t\t\t\t\t\t\t\t<img loading=\"lazy\" decoding=\"async\" width=\"800\" height=\"533\" src=\"https:\/\/stagingfactory.pt\/blog\/wp-content\/uploads\/2024\/06\/00001Evora_T0_Staging_Factory-1024x682.jpg\" class=\"attachment-large size-large wp-image-1218\" alt=\"\" srcset=\"https:\/\/stagingfactory.pt\/blog\/wp-content\/uploads\/2024\/06\/00001Evora_T0_Staging_Factory-1024x682.jpg 1024w, https:\/\/stagingfactory.pt\/blog\/wp-content\/uploads\/2024\/06\/00001Evora_T0_Staging_Factory-300x200.jpg 300w, https:\/\/stagingfactory.pt\/blog\/wp-content\/uploads\/2024\/06\/00001Evora_T0_Staging_Factory-768x512.jpg 768w, https:\/\/stagingfactory.pt\/blog\/wp-content\/uploads\/2024\/06\/00001Evora_T0_Staging_Factory.jpg 1250w\" sizes=\"(max-width: 800px) 100vw, 800px\" \/>\t\t\t\t\t\t\t\t\t\t\t\t\t\t\t<\/div>\n\t\t\t\t<\/div>\n\t\t\t\t<div class=\"elementor-element elementor-element-56fc888 elementor-widget elementor-widget-text-editor\" data-id=\"56fc888\" data-element_type=\"widget\" data-widget_type=\"text-editor.default\">\n\t\t\t\t<div class=\"elementor-widget-container\">\n\t\t\t\t\t\t\t\t\t<p>Imagem de Staging Factory \/ @stagingfactory @margaridasilvaphoto<\/p>\t\t\t\t\t\t\t\t<\/div>\n\t\t\t\t<\/div>\n\t\t\t\t<\/div>\n\t\t\t\t\t<\/div>\n\t\t\t\t<\/div>\n\t\t<div class=\"elementor-element elementor-element-f2d3023 animated-slow e-flex e-con-boxed wpr-particle-no wpr-jarallax-no wpr-parallax-no wpr-sticky-section-no elementor-invisible e-con e-parent\" data-id=\"f2d3023\" data-element_type=\"container\" data-settings=\"{&quot;animation&quot;:&quot;fadeInUp&quot;}\">\n\t\t\t\t\t<div class=\"e-con-inner\">\n\t\t<div class=\"elementor-element elementor-element-e7ea84b e-con-full e-flex wpr-particle-no wpr-jarallax-no wpr-parallax-no wpr-sticky-section-no e-con e-child\" data-id=\"e7ea84b\" data-element_type=\"container\">\n\t\t\t\t<div class=\"elementor-element elementor-element-2a5e967 elementor-widget elementor-widget-image\" data-id=\"2a5e967\" data-element_type=\"widget\" data-widget_type=\"image.default\">\n\t\t\t\t<div class=\"elementor-widget-container\">\n\t\t\t\t\t\t\t\t\t\t\t\t\t\t\t<img loading=\"lazy\" decoding=\"async\" width=\"800\" height=\"533\" src=\"https:\/\/stagingfactory.pt\/blog\/wp-content\/uploads\/2024\/06\/00003Evora_T0_Staging_Factory-1024x682.jpg\" class=\"attachment-large size-large wp-image-1219\" alt=\"\" srcset=\"https:\/\/stagingfactory.pt\/blog\/wp-content\/uploads\/2024\/06\/00003Evora_T0_Staging_Factory-1024x682.jpg 1024w, https:\/\/stagingfactory.pt\/blog\/wp-content\/uploads\/2024\/06\/00003Evora_T0_Staging_Factory-300x200.jpg 300w, https:\/\/stagingfactory.pt\/blog\/wp-content\/uploads\/2024\/06\/00003Evora_T0_Staging_Factory-768x512.jpg 768w, https:\/\/stagingfactory.pt\/blog\/wp-content\/uploads\/2024\/06\/00003Evora_T0_Staging_Factory.jpg 1250w\" sizes=\"(max-width: 800px) 100vw, 800px\" \/>\t\t\t\t\t\t\t\t\t\t\t\t\t\t\t<\/div>\n\t\t\t\t<\/div>\n\t\t\t\t<div class=\"elementor-element elementor-element-e82c4c4 elementor-widget elementor-widget-text-editor\" data-id=\"e82c4c4\" data-element_type=\"widget\" data-widget_type=\"text-editor.default\">\n\t\t\t\t<div class=\"elementor-widget-container\">\n\t\t\t\t\t\t\t\t\t<p>Imagem de Staging Factory \/ @stagingfactory @margaridasilvaphoto<\/p>\t\t\t\t\t\t\t\t<\/div>\n\t\t\t\t<\/div>\n\t\t\t\t<\/div>\n\t\t<div class=\"elementor-element elementor-element-4880dd1 e-con-full e-flex wpr-particle-no wpr-jarallax-no wpr-parallax-no wpr-sticky-section-no e-con e-child\" data-id=\"4880dd1\" data-element_type=\"container\">\n\t\t\t\t<div class=\"elementor-element elementor-element-9573c26 elementor-widget elementor-widget-text-editor\" data-id=\"9573c26\" data-element_type=\"widget\" data-widget_type=\"text-editor.default\">\n\t\t\t\t<div class=\"elementor-widget-container\">\n\t\t\t\t\t\t\t\t\t<div class=\"heading-element\">\n<div class=\"heading-element\">\n<div class=\"heading-element\">\n<div class=\"heading-element\">\n<div class=\"heading-element\">\n<div class=\"heading-element\">\n<div class=\"heading-element\">\n<div class=\"heading-element\">\n<h4><strong>Caso Pr\u00e1tico: remodela\u00e7\u00e3o de apartamentos em \u00c9vora<\/strong><\/h4>\n<div class=\"text_column mt-adapt-4\">\n<p>Esta interven\u00e7\u00e3o teve um retorno muito positivo por parte dos clientes que sentiram, de imediato, os resultados. \u201cPudemos ver o potencial e o resultado [do vosso trabalho] em \u00c9vora, e surpreendeu-nos. N\u00e3o esper\u00e1vamos que os nossos apartamentos fossem t\u00e3o populares e arrendados t\u00e3o rapidamente. Temos certeza de que o design de interiores e o estilo de decora\u00e7\u00e3o ajudaram muito!\u201d<\/p>\n<\/div>\n<\/div>\n<\/div>\n<\/div>\n<\/div>\n<\/div>\n<\/div>\n<\/div>\n<\/div>\t\t\t\t\t\t\t\t<\/div>\n\t\t\t\t<\/div>\n\t\t\t\t<\/div>\n\t\t\t\t\t<\/div>\n\t\t\t\t<\/div>\n\t\t<div class=\"elementor-element elementor-element-84271f2 animated-slow e-flex e-con-boxed wpr-particle-no wpr-jarallax-no wpr-parallax-no wpr-sticky-section-no elementor-invisible e-con e-parent\" data-id=\"84271f2\" data-element_type=\"container\" data-settings=\"{&quot;animation&quot;:&quot;fadeIn&quot;}\">\n\t\t\t\t\t<div class=\"e-con-inner\">\n\t\t\t\t<div class=\"elementor-element elementor-element-320be81 elementor-widget elementor-widget-text-editor\" data-id=\"320be81\" data-element_type=\"widget\" data-widget_type=\"text-editor.default\">\n\t\t\t\t<div class=\"elementor-widget-container\">\n\t\t\t\t\t\t\t\t\t<p>Artigo publicado originalmente em <a href=\"https:\/\/noticias.casayes.pt\/como-valorizar-a-sua-casa-para-a-vender-ou-arrendar\/\">Casa Yes<\/a><\/p>\t\t\t\t\t\t\t\t<\/div>\n\t\t\t\t<\/div>\n\t\t\t\t<div class=\"elementor-element elementor-element-e04765c elementor-widget elementor-widget-text-editor\" data-id=\"e04765c\" data-element_type=\"widget\" data-widget_type=\"text-editor.default\">\n\t\t\t\t<div class=\"elementor-widget-container\">\n\t\t\t\t\t\t\t\t\t<p>Autoria: Catarina Diniz \u2013 Head of Business &amp; Strategy da <a href=\"https:\/\/stagingfactory.pt\/\">Staging Factory<\/a><\/p>\t\t\t\t\t\t\t\t<\/div>\n\t\t\t\t<\/div>\n\t\t\t\t\t<\/div>\n\t\t\t\t<\/div>\n\t\t<div class=\"elementor-element elementor-element-6f60287 animated-slow e-flex e-con-boxed wpr-particle-no wpr-jarallax-no wpr-parallax-no wpr-sticky-section-no elementor-invisible e-con e-parent\" data-id=\"6f60287\" data-element_type=\"container\" data-settings=\"{&quot;animation&quot;:&quot;fadeInUp&quot;,&quot;animation_tablet&quot;:&quot;fadeInUp&quot;,&quot;animation_mobile&quot;:&quot;fadeInUp&quot;}\">\n\t\t\t\t\t<div class=\"e-con-inner\">\n\t\t\t\t<div class=\"elementor-element elementor-element-727cc2c elementor-widget elementor-widget-image\" data-id=\"727cc2c\" data-element_type=\"widget\" data-widget_type=\"image.default\">\n\t\t\t\t<div class=\"elementor-widget-container\">\n\t\t\t\t\t\t\t\t\t\t\t\t\t\t\t\t<a href=\"#uppage\">\n\t\t\t\t\t\t\t<img loading=\"lazy\" decoding=\"async\" width=\"77\" height=\"104\" src=\"https:\/\/stagingfactory.pt\/blog\/wp-content\/uploads\/2024\/02\/sf-graphic-up.svg\" class=\"attachment-large size-large wp-image-204\" alt=\"up-page\" \/>\t\t\t\t\t\t\t\t<\/a>\n\t\t\t\t\t\t\t\t\t\t\t\t\t\t\t<\/div>\n\t\t\t\t<\/div>\n\t\t\t\t<div class=\"elementor-element elementor-element-b2aa67d elementor-widget elementor-widget-text-editor\" data-id=\"b2aa67d\" data-element_type=\"widget\" data-widget_type=\"text-editor.default\">\n\t\t\t\t<div class=\"elementor-widget-container\">\n\t\t\t\t\t\t\t\t\t<p>\u00a9 Stanging Factory Blog<\/p>\t\t\t\t\t\t\t\t<\/div>\n\t\t\t\t<\/div>\n\t\t\t\t<div class=\"elementor-element elementor-element-345db6c elementor-widget elementor-widget-text-editor\" data-id=\"345db6c\" data-element_type=\"widget\" data-widget_type=\"text-editor.default\">\n\t\t\t\t<div class=\"elementor-widget-container\">\n\t\t\t\t\t\t\t\t\t<p><a href=\"https:\/\/stagingfactory.pt\/blog\/politica-de-privacidade\/\">Pol\u00edtica de Privacidade<\/a><\/p>\t\t\t\t\t\t\t\t<\/div>\n\t\t\t\t<\/div>\n\t\t\t\t\t<\/div>\n\t\t\t\t<\/div>\n\t\t\t\t<\/div>\n\t\t","protected":false},"excerpt":{"rendered":"<p>Quando se trata de vender ou arrendar um im\u00f3vel, a primeira impress\u00e3o \u00e9 fundamental. A apresenta\u00e7\u00e3o e o design de interiores desempenham um papel crucial na cria\u00e7\u00e3o de um ambiente acolhedor que atraia compradores ou inquilinos de qualidade. <\/p>\n","protected":false},"author":1,"featured_media":1210,"comment_status":"closed","ping_status":"open","sticky":false,"template":"elementor_canvas","format":"standard","meta":{"footnotes":""},"categories":[1],"tags":[],"class_list":["post-1209","post","type-post","status-publish","format-standard","has-post-thumbnail","hentry","category-artigos-staging"],"yoast_head":"<!-- This site is optimized with the Yoast SEO plugin v25.4 - https:\/\/yoast.com\/wordpress\/plugins\/seo\/ -->\n<title>Como valorizar a sua casa para a vender ou arrendar - Blog Staging Factory<\/title>\n<meta name=\"robots\" content=\"index, follow, max-snippet:-1, max-image-preview:large, max-video-preview:-1\" \/>\n<link rel=\"canonical\" href=\"https:\/\/stagingfactory.pt\/blog\/como-valorizar-a-sua-casa-para-a-vender-ou-arrendar\/\" \/>\n<meta property=\"og:locale\" content=\"pt_PT\" \/>\n<meta property=\"og:type\" content=\"article\" \/>\n<meta property=\"og:title\" content=\"Como valorizar a sua casa para a vender ou arrendar - Blog Staging Factory\" \/>\n<meta property=\"og:description\" content=\"Quando se trata de vender ou arrendar um im\u00f3vel, a primeira impress\u00e3o \u00e9 fundamental. A apresenta\u00e7\u00e3o e o design de interiores desempenham um papel crucial na cria\u00e7\u00e3o de um ambiente acolhedor que atraia compradores ou inquilinos de qualidade.\" \/>\n<meta property=\"og:url\" content=\"https:\/\/stagingfactory.pt\/blog\/como-valorizar-a-sua-casa-para-a-vender-ou-arrendar\/\" \/>\n<meta property=\"og:site_name\" content=\"Blog Staging Factory\" \/>\n<meta property=\"article:publisher\" content=\"https:\/\/www.facebook.com\/StagingFactory\" \/>\n<meta property=\"article:published_time\" content=\"2024-06-18T10:06:58+00:00\" \/>\n<meta property=\"article:modified_time\" content=\"2024-06-18T10:23:24+00:00\" \/>\n<meta property=\"og:image\" content=\"https:\/\/stagingfactory.pt\/blog\/wp-content\/uploads\/2024\/06\/00004Evora_T0_Staging_Factory.jpg\" \/>\n\t<meta property=\"og:image:width\" content=\"1250\" \/>\n\t<meta property=\"og:image:height\" content=\"833\" \/>\n\t<meta property=\"og:image:type\" content=\"image\/jpeg\" \/>\n<meta name=\"author\" content=\"admin-slab\" \/>\n<meta name=\"twitter:card\" content=\"summary_large_image\" \/>\n<meta name=\"twitter:label1\" content=\"Escrito por\" \/>\n\t<meta name=\"twitter:data1\" content=\"admin-slab\" \/>\n\t<meta name=\"twitter:label2\" content=\"Tempo estimado de leitura\" \/>\n\t<meta name=\"twitter:data2\" content=\"10 minutos\" \/>\n<script type=\"application\/ld+json\" class=\"yoast-schema-graph\">{\"@context\":\"https:\/\/schema.org\",\"@graph\":[{\"@type\":\"Article\",\"@id\":\"https:\/\/stagingfactory.pt\/blog\/como-valorizar-a-sua-casa-para-a-vender-ou-arrendar\/#article\",\"isPartOf\":{\"@id\":\"https:\/\/stagingfactory.pt\/blog\/como-valorizar-a-sua-casa-para-a-vender-ou-arrendar\/\"},\"author\":{\"name\":\"admin-slab\",\"@id\":\"https:\/\/stagingfactory.pt\/blog\/#\/schema\/person\/3e608ef33c163e0f44ebfd8ee7ab2cd3\"},\"headline\":\"Como valorizar a sua casa para a vender ou arrendar\",\"datePublished\":\"2024-06-18T10:06:58+00:00\",\"dateModified\":\"2024-06-18T10:23:24+00:00\",\"mainEntityOfPage\":{\"@id\":\"https:\/\/stagingfactory.pt\/blog\/como-valorizar-a-sua-casa-para-a-vender-ou-arrendar\/\"},\"wordCount\":1213,\"publisher\":{\"@id\":\"https:\/\/stagingfactory.pt\/blog\/#organization\"},\"image\":{\"@id\":\"https:\/\/stagingfactory.pt\/blog\/como-valorizar-a-sua-casa-para-a-vender-ou-arrendar\/#primaryimage\"},\"thumbnailUrl\":\"https:\/\/stagingfactory.pt\/blog\/wp-content\/uploads\/2024\/06\/00004Evora_T0_Staging_Factory.jpg\",\"articleSection\":[\"artigos-staging\"],\"inLanguage\":\"pt-PT\"},{\"@type\":\"WebPage\",\"@id\":\"https:\/\/stagingfactory.pt\/blog\/como-valorizar-a-sua-casa-para-a-vender-ou-arrendar\/\",\"url\":\"https:\/\/stagingfactory.pt\/blog\/como-valorizar-a-sua-casa-para-a-vender-ou-arrendar\/\",\"name\":\"Como valorizar a sua casa para a vender ou arrendar - Blog Staging Factory\",\"isPartOf\":{\"@id\":\"https:\/\/stagingfactory.pt\/blog\/#website\"},\"primaryImageOfPage\":{\"@id\":\"https:\/\/stagingfactory.pt\/blog\/como-valorizar-a-sua-casa-para-a-vender-ou-arrendar\/#primaryimage\"},\"image\":{\"@id\":\"https:\/\/stagingfactory.pt\/blog\/como-valorizar-a-sua-casa-para-a-vender-ou-arrendar\/#primaryimage\"},\"thumbnailUrl\":\"https:\/\/stagingfactory.pt\/blog\/wp-content\/uploads\/2024\/06\/00004Evora_T0_Staging_Factory.jpg\",\"datePublished\":\"2024-06-18T10:06:58+00:00\",\"dateModified\":\"2024-06-18T10:23:24+00:00\",\"breadcrumb\":{\"@id\":\"https:\/\/stagingfactory.pt\/blog\/como-valorizar-a-sua-casa-para-a-vender-ou-arrendar\/#breadcrumb\"},\"inLanguage\":\"pt-PT\",\"potentialAction\":[{\"@type\":\"ReadAction\",\"target\":[\"https:\/\/stagingfactory.pt\/blog\/como-valorizar-a-sua-casa-para-a-vender-ou-arrendar\/\"]}]},{\"@type\":\"ImageObject\",\"inLanguage\":\"pt-PT\",\"@id\":\"https:\/\/stagingfactory.pt\/blog\/como-valorizar-a-sua-casa-para-a-vender-ou-arrendar\/#primaryimage\",\"url\":\"https:\/\/stagingfactory.pt\/blog\/wp-content\/uploads\/2024\/06\/00004Evora_T0_Staging_Factory.jpg\",\"contentUrl\":\"https:\/\/stagingfactory.pt\/blog\/wp-content\/uploads\/2024\/06\/00004Evora_T0_Staging_Factory.jpg\",\"width\":1250,\"height\":833},{\"@type\":\"BreadcrumbList\",\"@id\":\"https:\/\/stagingfactory.pt\/blog\/como-valorizar-a-sua-casa-para-a-vender-ou-arrendar\/#breadcrumb\",\"itemListElement\":[{\"@type\":\"ListItem\",\"position\":1,\"name\":\"In\u00edcio\",\"item\":\"https:\/\/stagingfactory.pt\/blog\/\"},{\"@type\":\"ListItem\",\"position\":2,\"name\":\"Como valorizar a sua casa para a vender ou arrendar\"}]},{\"@type\":\"WebSite\",\"@id\":\"https:\/\/stagingfactory.pt\/blog\/#website\",\"url\":\"https:\/\/stagingfactory.pt\/blog\/\",\"name\":\"Blog Staging Factory\",\"description\":\"From space to value\",\"publisher\":{\"@id\":\"https:\/\/stagingfactory.pt\/blog\/#organization\"},\"potentialAction\":[{\"@type\":\"SearchAction\",\"target\":{\"@type\":\"EntryPoint\",\"urlTemplate\":\"https:\/\/stagingfactory.pt\/blog\/?s={search_term_string}\"},\"query-input\":{\"@type\":\"PropertyValueSpecification\",\"valueRequired\":true,\"valueName\":\"search_term_string\"}}],\"inLanguage\":\"pt-PT\"},{\"@type\":\"Organization\",\"@id\":\"https:\/\/stagingfactory.pt\/blog\/#organization\",\"name\":\"Blog Staging Factory\",\"url\":\"https:\/\/stagingfactory.pt\/blog\/\",\"logo\":{\"@type\":\"ImageObject\",\"inLanguage\":\"pt-PT\",\"@id\":\"https:\/\/stagingfactory.pt\/blog\/#\/schema\/logo\/image\/\",\"url\":\"https:\/\/stagingfactory.pt\/blog\/wp-content\/uploads\/2024\/02\/sf-logo.png\",\"contentUrl\":\"https:\/\/stagingfactory.pt\/blog\/wp-content\/uploads\/2024\/02\/sf-logo.png\",\"width\":450,\"height\":200,\"caption\":\"Blog Staging Factory\"},\"image\":{\"@id\":\"https:\/\/stagingfactory.pt\/blog\/#\/schema\/logo\/image\/\"},\"sameAs\":[\"https:\/\/www.facebook.com\/StagingFactory\",\"https:\/\/www.instagram.com\/stagingfactory\/\",\"https:\/\/pt.linkedin.com\/company\/staging-factory\"]},{\"@type\":\"Person\",\"@id\":\"https:\/\/stagingfactory.pt\/blog\/#\/schema\/person\/3e608ef33c163e0f44ebfd8ee7ab2cd3\",\"name\":\"admin-slab\",\"sameAs\":[\"http:\/\/stagingfactory.pt\/blog\"],\"url\":\"https:\/\/stagingfactory.pt\/blog\/author\/admin-slab\/\"}]}<\/script>\n<!-- \/ Yoast SEO plugin. -->","yoast_head_json":{"title":"Como valorizar a sua casa para a vender ou arrendar - Blog Staging Factory","robots":{"index":"index","follow":"follow","max-snippet":"max-snippet:-1","max-image-preview":"max-image-preview:large","max-video-preview":"max-video-preview:-1"},"canonical":"https:\/\/stagingfactory.pt\/blog\/como-valorizar-a-sua-casa-para-a-vender-ou-arrendar\/","og_locale":"pt_PT","og_type":"article","og_title":"Como valorizar a sua casa para a vender ou arrendar - Blog Staging Factory","og_description":"Quando se trata de vender ou arrendar um im\u00f3vel, a primeira impress\u00e3o \u00e9 fundamental. A apresenta\u00e7\u00e3o e o design de interiores desempenham um papel crucial na cria\u00e7\u00e3o de um ambiente acolhedor que atraia compradores ou inquilinos de qualidade.","og_url":"https:\/\/stagingfactory.pt\/blog\/como-valorizar-a-sua-casa-para-a-vender-ou-arrendar\/","og_site_name":"Blog Staging Factory","article_publisher":"https:\/\/www.facebook.com\/StagingFactory","article_published_time":"2024-06-18T10:06:58+00:00","article_modified_time":"2024-06-18T10:23:24+00:00","og_image":[{"width":1250,"height":833,"url":"https:\/\/stagingfactory.pt\/blog\/wp-content\/uploads\/2024\/06\/00004Evora_T0_Staging_Factory.jpg","type":"image\/jpeg"}],"author":"admin-slab","twitter_card":"summary_large_image","twitter_misc":{"Escrito por":"admin-slab","Tempo estimado de leitura":"10 minutos"},"schema":{"@context":"https:\/\/schema.org","@graph":[{"@type":"Article","@id":"https:\/\/stagingfactory.pt\/blog\/como-valorizar-a-sua-casa-para-a-vender-ou-arrendar\/#article","isPartOf":{"@id":"https:\/\/stagingfactory.pt\/blog\/como-valorizar-a-sua-casa-para-a-vender-ou-arrendar\/"},"author":{"name":"admin-slab","@id":"https:\/\/stagingfactory.pt\/blog\/#\/schema\/person\/3e608ef33c163e0f44ebfd8ee7ab2cd3"},"headline":"Como valorizar a sua casa para a vender ou arrendar","datePublished":"2024-06-18T10:06:58+00:00","dateModified":"2024-06-18T10:23:24+00:00","mainEntityOfPage":{"@id":"https:\/\/stagingfactory.pt\/blog\/como-valorizar-a-sua-casa-para-a-vender-ou-arrendar\/"},"wordCount":1213,"publisher":{"@id":"https:\/\/stagingfactory.pt\/blog\/#organization"},"image":{"@id":"https:\/\/stagingfactory.pt\/blog\/como-valorizar-a-sua-casa-para-a-vender-ou-arrendar\/#primaryimage"},"thumbnailUrl":"https:\/\/stagingfactory.pt\/blog\/wp-content\/uploads\/2024\/06\/00004Evora_T0_Staging_Factory.jpg","articleSection":["artigos-staging"],"inLanguage":"pt-PT"},{"@type":"WebPage","@id":"https:\/\/stagingfactory.pt\/blog\/como-valorizar-a-sua-casa-para-a-vender-ou-arrendar\/","url":"https:\/\/stagingfactory.pt\/blog\/como-valorizar-a-sua-casa-para-a-vender-ou-arrendar\/","name":"Como valorizar a sua casa para a vender ou arrendar - Blog Staging Factory","isPartOf":{"@id":"https:\/\/stagingfactory.pt\/blog\/#website"},"primaryImageOfPage":{"@id":"https:\/\/stagingfactory.pt\/blog\/como-valorizar-a-sua-casa-para-a-vender-ou-arrendar\/#primaryimage"},"image":{"@id":"https:\/\/stagingfactory.pt\/blog\/como-valorizar-a-sua-casa-para-a-vender-ou-arrendar\/#primaryimage"},"thumbnailUrl":"https:\/\/stagingfactory.pt\/blog\/wp-content\/uploads\/2024\/06\/00004Evora_T0_Staging_Factory.jpg","datePublished":"2024-06-18T10:06:58+00:00","dateModified":"2024-06-18T10:23:24+00:00","breadcrumb":{"@id":"https:\/\/stagingfactory.pt\/blog\/como-valorizar-a-sua-casa-para-a-vender-ou-arrendar\/#breadcrumb"},"inLanguage":"pt-PT","potentialAction":[{"@type":"ReadAction","target":["https:\/\/stagingfactory.pt\/blog\/como-valorizar-a-sua-casa-para-a-vender-ou-arrendar\/"]}]},{"@type":"ImageObject","inLanguage":"pt-PT","@id":"https:\/\/stagingfactory.pt\/blog\/como-valorizar-a-sua-casa-para-a-vender-ou-arrendar\/#primaryimage","url":"https:\/\/stagingfactory.pt\/blog\/wp-content\/uploads\/2024\/06\/00004Evora_T0_Staging_Factory.jpg","contentUrl":"https:\/\/stagingfactory.pt\/blog\/wp-content\/uploads\/2024\/06\/00004Evora_T0_Staging_Factory.jpg","width":1250,"height":833},{"@type":"BreadcrumbList","@id":"https:\/\/stagingfactory.pt\/blog\/como-valorizar-a-sua-casa-para-a-vender-ou-arrendar\/#breadcrumb","itemListElement":[{"@type":"ListItem","position":1,"name":"In\u00edcio","item":"https:\/\/stagingfactory.pt\/blog\/"},{"@type":"ListItem","position":2,"name":"Como valorizar a sua casa para a vender ou arrendar"}]},{"@type":"WebSite","@id":"https:\/\/stagingfactory.pt\/blog\/#website","url":"https:\/\/stagingfactory.pt\/blog\/","name":"Blog Staging Factory","description":"From space to value","publisher":{"@id":"https:\/\/stagingfactory.pt\/blog\/#organization"},"potentialAction":[{"@type":"SearchAction","target":{"@type":"EntryPoint","urlTemplate":"https:\/\/stagingfactory.pt\/blog\/?s={search_term_string}"},"query-input":{"@type":"PropertyValueSpecification","valueRequired":true,"valueName":"search_term_string"}}],"inLanguage":"pt-PT"},{"@type":"Organization","@id":"https:\/\/stagingfactory.pt\/blog\/#organization","name":"Blog Staging Factory","url":"https:\/\/stagingfactory.pt\/blog\/","logo":{"@type":"ImageObject","inLanguage":"pt-PT","@id":"https:\/\/stagingfactory.pt\/blog\/#\/schema\/logo\/image\/","url":"https:\/\/stagingfactory.pt\/blog\/wp-content\/uploads\/2024\/02\/sf-logo.png","contentUrl":"https:\/\/stagingfactory.pt\/blog\/wp-content\/uploads\/2024\/02\/sf-logo.png","width":450,"height":200,"caption":"Blog Staging Factory"},"image":{"@id":"https:\/\/stagingfactory.pt\/blog\/#\/schema\/logo\/image\/"},"sameAs":["https:\/\/www.facebook.com\/StagingFactory","https:\/\/www.instagram.com\/stagingfactory\/","https:\/\/pt.linkedin.com\/company\/staging-factory"]},{"@type":"Person","@id":"https:\/\/stagingfactory.pt\/blog\/#\/schema\/person\/3e608ef33c163e0f44ebfd8ee7ab2cd3","name":"admin-slab","sameAs":["http:\/\/stagingfactory.pt\/blog"],"url":"https:\/\/stagingfactory.pt\/blog\/author\/admin-slab\/"}]}},"_links":{"self":[{"href":"https:\/\/stagingfactory.pt\/blog\/wp-json\/wp\/v2\/posts\/1209","targetHints":{"allow":["GET"]}}],"collection":[{"href":"https:\/\/stagingfactory.pt\/blog\/wp-json\/wp\/v2\/posts"}],"about":[{"href":"https:\/\/stagingfactory.pt\/blog\/wp-json\/wp\/v2\/types\/post"}],"author":[{"embeddable":true,"href":"https:\/\/stagingfactory.pt\/blog\/wp-json\/wp\/v2\/users\/1"}],"replies":[{"embeddable":true,"href":"https:\/\/stagingfactory.pt\/blog\/wp-json\/wp\/v2\/comments?post=1209"}],"version-history":[{"count":12,"href":"https:\/\/stagingfactory.pt\/blog\/wp-json\/wp\/v2\/posts\/1209\/revisions"}],"predecessor-version":[{"id":1229,"href":"https:\/\/stagingfactory.pt\/blog\/wp-json\/wp\/v2\/posts\/1209\/revisions\/1229"}],"wp:featuredmedia":[{"embeddable":true,"href":"https:\/\/stagingfactory.pt\/blog\/wp-json\/wp\/v2\/media\/1210"}],"wp:attachment":[{"href":"https:\/\/stagingfactory.pt\/blog\/wp-json\/wp\/v2\/media?parent=1209"}],"wp:term":[{"taxonomy":"category","embeddable":true,"href":"https:\/\/stagingfactory.pt\/blog\/wp-json\/wp\/v2\/categories?post=1209"},{"taxonomy":"post_tag","embeddable":true,"href":"https:\/\/stagingfactory.pt\/blog\/wp-json\/wp\/v2\/tags?post=1209"}],"curies":[{"name":"wp","href":"https:\/\/api.w.org\/{rel}","templated":true}]}}